{"id":1639,"date":"2014-01-23T16:38:44","date_gmt":"2014-01-23T15:38:44","guid":{"rendered":"http:\/\/www.josper.es\/blog\/?p=1639"},"modified":"2019-03-06T12:15:22","modified_gmt":"2019-03-06T12:15:22","slug":"ferias-2014-josper-en-horecava","status":"publish","type":"post","link":"https:\/\/jospergrill.com\/es\/ferias-2014-josper-en-horecava\/","title":{"rendered":"Josper en la feria Horecava 2014"},"content":{"rendered":"\n<p>\u00a1Nuevo a\u00f1o de ferias!! Iniciamos el 2014 con fuerza y ya preparados para los pr\u00f3ximos eventos del sector gastron\u00f3mico.<\/p>\n\n\n\n<p>La semana pasada participamos en el primero de ellos. Del 13 al 16 de enero estuvimos en <strong>Amsterdam<\/strong> en la feria <a href=\"http:\/\/www.horecava.nl\/\" target=\"_blank\" rel=\"noopener noreferrer\">Horecava 2014<\/a>, la exposici\u00f3n m\u00e1s grande para el sector de restauraci\u00f3n y catering de los Pa\u00edses Bajos.<\/p>\n\n\n\n<div class=\"wp-block-columns has-2-columns is-layout-flex wp-container-core-columns-is-layout-28f84493 wp-block-columns-is-layout-flex\">\n<div class=\"wp-block-column is-layout-flow wp-block-column-is-layout-flow\">\n<figure class=\"wp-block-image\"><img fetchpriority=\"high\" decoding=\"async\" width=\"600\" height=\"638\" src=\"https:\/\/jospergrill.com\/\/wp-content\/uploads\/2019\/03\/expectacion-en-el-stand-josper-horecava-2014.jpg\" alt=\"\" class=\"wp-image-3459\" srcset=\"https:\/\/jospergrill.com\/wp-content\/uploads\/2019\/03\/expectacion-en-el-stand-josper-horecava-2014.jpg 600w, https:\/\/jospergrill.com\/wp-content\/uploads\/2019\/03\/expectacion-en-el-stand-josper-horecava-2014-282x300.jpg 282w, https:\/\/jospergrill.com\/wp-content\/uploads\/2019\/03\/expectacion-en-el-stand-josper-horecava-2014-64x68.jpg 64w\" sizes=\"(max-width: 600px) 100vw, 600px\" \/><\/figure>\n<\/div>\n\n\n\n<div class=\"wp-block-column is-layout-flow wp-block-column-is-layout-flow\">\n<figure class=\"wp-block-image\"><img decoding=\"async\" width=\"600\" height=\"629\" src=\"https:\/\/jospergrill.com\/\/wp-content\/uploads\/2019\/03\/visitantes-del-stand-de-josper-horecava-2014.jpg\" alt=\"\" class=\"wp-image-3460\" srcset=\"https:\/\/jospergrill.com\/wp-content\/uploads\/2019\/03\/visitantes-del-stand-de-josper-horecava-2014.jpg 600w, https:\/\/jospergrill.com\/wp-content\/uploads\/2019\/03\/visitantes-del-stand-de-josper-horecava-2014-286x300.jpg 286w, https:\/\/jospergrill.com\/wp-content\/uploads\/2019\/03\/visitantes-del-stand-de-josper-horecava-2014-64x67.jpg 64w\" sizes=\"(max-width: 600px) 100vw, 600px\" \/><\/figure>\n\n\n\n<p><\/p>\n<\/div>\n<\/div>\n\n\n\n<p>M\u00e1s de 800 personas pudieron degustar nuestros mejores platos cocinados al Josper, una gran variedad de <strong>tapas y productos a la brasa<\/strong> que no dejaron indiferente a ninguno de los que visitaron el stand.<\/p>\n\n\n\n<p>Adem\u00e1s recibimos la visita de top chefs como <strong><a href=\"https:\/\/elbullifoundation.com\/biografia-albert-adria\/\">Albert Adri\u00e0<\/a><\/strong>, dos estrellas Michelin, y <strong><a href=\"https:\/\/www.hermandenblijker.nl\/\">Herman den Blijke<\/a><\/strong><a href=\"https:\/\/www.hermandenblijker.nl\/\">r,<\/a> el chef m\u00e1s famosos de Holanda, presentador de varios programas de TV y tambi\u00e9n autor de libros de cocina.<\/p>\n\n\n\n<figure class=\"wp-block-image\"><img decoding=\"async\" width=\"600\" height=\"800\" src=\"https:\/\/jospergrill.com\/\/wp-content\/uploads\/2019\/03\/albert-adria-herman-den-blijker-y-manu.jpg\" alt=\"\" class=\"wp-image-3464\" srcset=\"https:\/\/jospergrill.com\/wp-content\/uploads\/2019\/03\/albert-adria-herman-den-blijker-y-manu.jpg 600w, https:\/\/jospergrill.com\/wp-content\/uploads\/2019\/03\/albert-adria-herman-den-blijker-y-manu-225x300.jpg 225w, https:\/\/jospergrill.com\/wp-content\/uploads\/2019\/03\/albert-adria-herman-den-blijker-y-manu-64x85.jpg 64w\" sizes=\"(max-width: 600px) 100vw, 600px\" \/><figcaption><em>Albert Adri\u00e0, Manu Yebras, director comercial de Josper y Herman de Blijker<\/em><\/figcaption><\/figure>\n\n\n\n<p>En Horecava 2014 compartimos espacio con el equipo de <a href=\"https:\/\/www.halton.com\/es_ES\/\">Halton Solutions<\/a>, nuestro proveedor de las nuevas campanas de extracci\u00f3n <strong><em>JOSPER by Halton<\/em><\/strong>, equipadas con filtros de alta eficiencia energ\u00e9tica y sistema de lavado incluido. <\/p>\n\n\n\n<figure class=\"wp-block-image\"><img loading=\"lazy\" decoding=\"async\" width=\"800\" height=\"600\" src=\"https:\/\/jospergrill.com\/\/wp-content\/uploads\/2019\/03\/stand-de-josper-en-horecava-2014-1.jpg\" alt=\"\" class=\"wp-image-3465\" srcset=\"https:\/\/jospergrill.com\/wp-content\/uploads\/2019\/03\/stand-de-josper-en-horecava-2014-1.jpg 800w, https:\/\/jospergrill.com\/wp-content\/uploads\/2019\/03\/stand-de-josper-en-horecava-2014-1-720x540.jpg 720w, https:\/\/jospergrill.com\/wp-content\/uploads\/2019\/03\/stand-de-josper-en-horecava-2014-1-300x225.jpg 300w, https:\/\/jospergrill.com\/wp-content\/uploads\/2019\/03\/stand-de-josper-en-horecava-2014-1-768x576.jpg 768w, https:\/\/jospergrill.com\/wp-content\/uploads\/2019\/03\/stand-de-josper-en-horecava-2014-1-64x48.jpg 64w\" sizes=\"(max-width: 800px) 100vw, 800px\" \/><figcaption>St<em>and de Josper y Halton en la feria Horecava 2014 de Amsterdam<\/em><\/figcaption><\/figure>\n\n\n\n<p>Desde aqu\u00ed agradecemos la colaboraci\u00f3n con Halton, ya que gracias a ellos ofrecemos un mejor servicio y somos mucho m\u00e1s competitivos\ufeff<\/p>\n\n\n\n<figure class=\"wp-block-image\"><img loading=\"lazy\" decoding=\"async\" width=\"708\" height=\"563\" src=\"https:\/\/jospergrill.com\/\/wp-content\/uploads\/2019\/03\/herman-der-blijker-y-manu.jpg\" alt=\"\" class=\"wp-image-3467\" srcset=\"https:\/\/jospergrill.com\/wp-content\/uploads\/2019\/03\/herman-der-blijker-y-manu.jpg 708w, https:\/\/jospergrill.com\/wp-content\/uploads\/2019\/03\/herman-der-blijker-y-manu-300x239.jpg 300w, https:\/\/jospergrill.com\/wp-content\/uploads\/2019\/03\/herman-der-blijker-y-manu-600x477.jpg 600w, https:\/\/jospergrill.com\/wp-content\/uploads\/2019\/03\/herman-der-blijker-y-manu-64x51.jpg 64w\" sizes=\"(max-width: 708px) 100vw, 708px\" \/><figcaption><em>Herman den Blijker y Manu Yebras<\/em><\/figcaption><\/figure>\n\n\n\n<p>\u00a1Os seguiremos informando de las pr\u00f3ximas ferias!<\/p>\n","protected":false},"excerpt":{"rendered":"<p>\u00a1Nuevo a\u00f1o de ferias!! Iniciamos el 2014 con fuerza y ya preparados para los pr\u00f3ximos eventos del sector gastron\u00f3mico. La semana pasada participamos en el primero de ellos. Del 13 al 16 de enero estuvimos en Amsterdam en la feria Horecava 2014, la exposici\u00f3n m\u00e1s grande para el sector de restauraci\u00f3n y catering de los [&hellip;]<\/p>\n","protected":false},"author":4,"featured_media":3457,"comment_status":"closed","ping_status":"open","sticky":false,"template":"","format":"standard","meta":{"_acf_changed":false,"site-sidebar-layout":"default","site-content-layout":"default","ast-site-content-layout":"default","site-content-style":"default","site-sidebar-style":"default","ast-global-header-display":"","ast-banner-title-visibility":"","ast-main-header-display":"","ast-hfb-above-header-display":"","ast-hfb-below-header-display":"","ast-hfb-mobile-header-display":"","site-post-title":"","ast-breadcrumbs-content":"","ast-featured-img":"","footer-sml-layout":"","ast-disable-related-posts":"","theme-transparent-header-meta":"default","adv-header-id-meta":"","stick-header-meta":"default","header-above-stick-meta":"","header-main-stick-meta":"","header-below-stick-meta":"","astra-migrate-meta-layouts":"default","ast-page-background-enabled":"default","ast-page-background-meta":{"desktop":{"background-color":"","background-image":"","background-repeat":"repeat","background-position":"center center","background-size":"auto","background-attachment":"scroll","background-type":"","background-media":"","overlay-type":"","overlay-color":"","overlay-opacity":"","overlay-gradient":""},"tablet":{"background-color":"","background-image":"","background-repeat":"repeat","background-position":"center center","background-size":"auto","background-attachment":"scroll","background-type":"","background-media":"","overlay-type":"","overlay-color":"","overlay-opacity":"","overlay-gradient":""},"mobile":{"background-color":"","background-image":"","background-repeat":"repeat","background-position":"center center","background-size":"auto","background-attachment":"scroll","background-type":"","background-media":"","overlay-type":"","overlay-color":"","overlay-opacity":"","overlay-gradient":""}},"ast-content-background-meta":{"desktop":{"background-color":"var(--ast-global-color-5)","background-image":"","background-repeat":"repeat","background-position":"center center","background-size":"auto","background-attachment":"scroll","background-type":"","background-media":"","overlay-type":"","overlay-color":"","overlay-opacity":"","overlay-gradient":""},"tablet":{"background-color":"var(--ast-global-color-5)","background-image":"","background-repeat":"repeat","background-position":"center center","background-size":"auto","background-attachment":"scroll","background-type":"","background-media":"","overlay-type":"","overlay-color":"","overlay-opacity":"","overlay-gradient":""},"mobile":{"background-color":"var(--ast-global-color-5)","background-image":"","background-repeat":"repeat","background-position":"center center","background-size":"auto","background-attachment":"scroll","background-type":"","background-media":"","overlay-type":"","overlay-color":"","overlay-opacity":"","overlay-gradient":""}},"footnotes":""},"categories":[24],"tags":[112,3,113,72,114,7],"class_list":["post-1639","post","type-post","status-publish","format-standard","has-post-thumbnail","hentry","category-ferias-eventos","tag-amsterdam","tag-charcoal-oven","tag-chefs","tag-ferias","tag-horecava","tag-josper"],"acf":[],"yoast_head":"<!-- This site is optimized with the Yoast SEO plugin v27.5 - https:\/\/yoast.com\/product\/yoast-seo-wordpress\/ -->\n<title>Josper en la feria Horecava 2014 | Actualidad JOSPER<\/title>\n<meta name=\"description\" content=\"Josper estuvo en Amsterdam en la feria Horecava 2014, la exposici\u00f3n m\u00e1s grande para el sector de restauraci\u00f3n y catering de los Pa\u00edses Bajos.\" \/>\n<meta name=\"robots\" content=\"index, follow, max-snippet:-1, max-image-preview:large, max-video-preview:-1\" \/>\n<link rel=\"canonical\" href=\"https:\/\/jospergrill.com\/es\/ferias-2014-josper-en-horecava\/\" \/>\n<meta property=\"og:locale\" content=\"es_ES\" \/>\n<meta property=\"og:type\" content=\"article\" \/>\n<meta property=\"og:title\" content=\"Josper en la feria Horecava 2014, Amsterdam\" \/>\n<meta property=\"og:description\" content=\"Josper estuvo en Amsterdam en la feria Horecava 2014, la exposici\u00f3n m\u00e1s grande para el sector de restauraci\u00f3n y catering de los Pa\u00edses Bajos.\" \/>\n<meta property=\"og:url\" content=\"https:\/\/jospergrill.com\/es\/ferias-2014-josper-en-horecava\/\" \/>\n<meta property=\"og:site_name\" content=\"Josper\" \/>\n<meta property=\"article:publisher\" content=\"https:\/\/www.facebook.com\/josperofficial\/\" \/>\n<meta property=\"article:published_time\" content=\"2014-01-23T15:38:44+00:00\" \/>\n<meta property=\"article:modified_time\" content=\"2019-03-06T12:15:22+00:00\" \/>\n<meta property=\"og:image\" content=\"https:\/\/jospergrill.com\/wp-content\/uploads\/2014\/01\/josper-en-horecava-2014.png\" \/>\n\t<meta property=\"og:image:width\" content=\"512\" \/>\n\t<meta property=\"og:image:height\" content=\"512\" \/>\n\t<meta property=\"og:image:type\" content=\"image\/png\" \/>\n<meta name=\"author\" content=\"Josper\" \/>\n<meta name=\"twitter:card\" content=\"summary_large_image\" \/>\n<meta name=\"twitter:creator\" content=\"@JosperOfficial\" \/>\n<meta name=\"twitter:site\" content=\"@JosperOfficial\" \/>\n<meta name=\"twitter:label1\" content=\"Escrito por\" \/>\n\t<meta name=\"twitter:data1\" content=\"Josper\" \/>\n\t<meta name=\"twitter:label2\" content=\"Tiempo de lectura\" \/>\n\t<meta name=\"twitter:data2\" content=\"1 minuto\" \/>\n<script type=\"application\/ld+json\" class=\"yoast-schema-graph\">{\"@context\":\"https:\\\/\\\/schema.org\",\"@graph\":[{\"@type\":\"Article\",\"@id\":\"https:\\\/\\\/jospergrill.com\\\/es\\\/ferias-2014-josper-en-horecava\\\/#article\",\"isPartOf\":{\"@id\":\"https:\\\/\\\/jospergrill.com\\\/es\\\/ferias-2014-josper-en-horecava\\\/\"},\"author\":{\"name\":\"Josper\",\"@id\":\"https:\\\/\\\/jospergrill.com\\\/es\\\/#\\\/schema\\\/person\\\/8c37bd19b72e8aa58cf954112bb4ae82\"},\"headline\":\"Josper en la feria Horecava 2014\",\"datePublished\":\"2014-01-23T15:38:44+00:00\",\"dateModified\":\"2019-03-06T12:15:22+00:00\",\"mainEntityOfPage\":{\"@id\":\"https:\\\/\\\/jospergrill.com\\\/es\\\/ferias-2014-josper-en-horecava\\\/\"},\"wordCount\":234,\"publisher\":{\"@id\":\"https:\\\/\\\/jospergrill.com\\\/es\\\/#organization\"},\"image\":{\"@id\":\"https:\\\/\\\/jospergrill.com\\\/es\\\/ferias-2014-josper-en-horecava\\\/#primaryimage\"},\"thumbnailUrl\":\"https:\\\/\\\/jospergrill.com\\\/wp-content\\\/uploads\\\/2014\\\/01\\\/josper-en-horecava-2014.png\",\"keywords\":[\"Amsterdam\",\"Charcoal oven\",\"Chefs\",\"FERIAS\",\"Horecava\",\"Josper\"],\"articleSection\":[\"Ferias y eventos\"],\"inLanguage\":\"es\"},{\"@type\":\"WebPage\",\"@id\":\"https:\\\/\\\/jospergrill.com\\\/es\\\/ferias-2014-josper-en-horecava\\\/\",\"url\":\"https:\\\/\\\/jospergrill.com\\\/es\\\/ferias-2014-josper-en-horecava\\\/\",\"name\":\"Josper en la feria Horecava 2014 | Actualidad JOSPER\",\"isPartOf\":{\"@id\":\"https:\\\/\\\/jospergrill.com\\\/es\\\/#website\"},\"primaryImageOfPage\":{\"@id\":\"https:\\\/\\\/jospergrill.com\\\/es\\\/ferias-2014-josper-en-horecava\\\/#primaryimage\"},\"image\":{\"@id\":\"https:\\\/\\\/jospergrill.com\\\/es\\\/ferias-2014-josper-en-horecava\\\/#primaryimage\"},\"thumbnailUrl\":\"https:\\\/\\\/jospergrill.com\\\/wp-content\\\/uploads\\\/2014\\\/01\\\/josper-en-horecava-2014.png\",\"datePublished\":\"2014-01-23T15:38:44+00:00\",\"dateModified\":\"2019-03-06T12:15:22+00:00\",\"description\":\"Josper estuvo en Amsterdam en la feria Horecava 2014, la exposici\u00f3n m\u00e1s grande para el sector de restauraci\u00f3n y catering de los Pa\u00edses Bajos.\",\"breadcrumb\":{\"@id\":\"https:\\\/\\\/jospergrill.com\\\/es\\\/ferias-2014-josper-en-horecava\\\/#breadcrumb\"},\"inLanguage\":\"es\",\"potentialAction\":[{\"@type\":\"ReadAction\",\"target\":[\"https:\\\/\\\/jospergrill.com\\\/es\\\/ferias-2014-josper-en-horecava\\\/\"]}]},{\"@type\":\"ImageObject\",\"inLanguage\":\"es\",\"@id\":\"https:\\\/\\\/jospergrill.com\\\/es\\\/ferias-2014-josper-en-horecava\\\/#primaryimage\",\"url\":\"https:\\\/\\\/jospergrill.com\\\/wp-content\\\/uploads\\\/2014\\\/01\\\/josper-en-horecava-2014.png\",\"contentUrl\":\"https:\\\/\\\/jospergrill.com\\\/wp-content\\\/uploads\\\/2014\\\/01\\\/josper-en-horecava-2014.png\",\"width\":512,\"height\":512,\"caption\":\"HORECAVA es la exposici\u00f3n m\u00e1s grande del sector de larestauraci\u00f3n y catering de los Pa\u00edses Bajos\"},{\"@type\":\"BreadcrumbList\",\"@id\":\"https:\\\/\\\/jospergrill.com\\\/es\\\/ferias-2014-josper-en-horecava\\\/#breadcrumb\",\"itemListElement\":[{\"@type\":\"ListItem\",\"position\":1,\"name\":\"Home\",\"item\":\"https:\\\/\\\/jospergrill.com\\\/es\\\/\"},{\"@type\":\"ListItem\",\"position\":2,\"name\":\"Josper en la feria Horecava 2014\"}]},{\"@type\":\"WebSite\",\"@id\":\"https:\\\/\\\/jospergrill.com\\\/es\\\/#website\",\"url\":\"https:\\\/\\\/jospergrill.com\\\/es\\\/\",\"name\":\"Josper\",\"description\":\"Passion for Grilling\",\"publisher\":{\"@id\":\"https:\\\/\\\/jospergrill.com\\\/es\\\/#organization\"},\"potentialAction\":[{\"@type\":\"SearchAction\",\"target\":{\"@type\":\"EntryPoint\",\"urlTemplate\":\"https:\\\/\\\/jospergrill.com\\\/es\\\/?s={search_term_string}\"},\"query-input\":{\"@type\":\"PropertyValueSpecification\",\"valueRequired\":true,\"valueName\":\"search_term_string\"}}],\"inLanguage\":\"es\"},{\"@type\":\"Organization\",\"@id\":\"https:\\\/\\\/jospergrill.com\\\/es\\\/#organization\",\"name\":\"Josper\",\"url\":\"https:\\\/\\\/jospergrill.com\\\/es\\\/\",\"logo\":{\"@type\":\"ImageObject\",\"inLanguage\":\"es\",\"@id\":\"https:\\\/\\\/jospergrill.com\\\/es\\\/#\\\/schema\\\/logo\\\/image\\\/\",\"url\":\"https:\\\/\\\/jospergrill.com\\\/wp-content\\\/uploads\\\/josper-logo-escudo.png\",\"contentUrl\":\"https:\\\/\\\/jospergrill.com\\\/wp-content\\\/uploads\\\/josper-logo-escudo.png\",\"width\":112,\"height\":144,\"caption\":\"Josper\"},\"image\":{\"@id\":\"https:\\\/\\\/jospergrill.com\\\/es\\\/#\\\/schema\\\/logo\\\/image\\\/\"},\"sameAs\":[\"https:\\\/\\\/www.facebook.com\\\/josperofficial\\\/\",\"https:\\\/\\\/x.com\\\/JosperOfficial\"]},{\"@type\":\"Person\",\"@id\":\"https:\\\/\\\/jospergrill.com\\\/es\\\/#\\\/schema\\\/person\\\/8c37bd19b72e8aa58cf954112bb4ae82\",\"name\":\"Josper\",\"image\":{\"@type\":\"ImageObject\",\"inLanguage\":\"es\",\"@id\":\"https:\\\/\\\/secure.gravatar.com\\\/avatar\\\/c59cd8a9ace8352c793c6e995dd99d5b7b2f11b86ad561ea3a8a37e18dab6fc4?s=96&d=mm&r=g\",\"url\":\"https:\\\/\\\/secure.gravatar.com\\\/avatar\\\/c59cd8a9ace8352c793c6e995dd99d5b7b2f11b86ad561ea3a8a37e18dab6fc4?s=96&d=mm&r=g\",\"contentUrl\":\"https:\\\/\\\/secure.gravatar.com\\\/avatar\\\/c59cd8a9ace8352c793c6e995dd99d5b7b2f11b86ad561ea3a8a37e18dab6fc4?s=96&d=mm&r=g\",\"caption\":\"Josper\"},\"sameAs\":[\"https:\\\/\\\/jospergrill.com\\\/\"],\"url\":\"https:\\\/\\\/jospergrill.com\\\/es\\\/author\\\/autor\\\/\"}]}<\/script>\n<!-- \/ Yoast SEO plugin. -->","yoast_head_json":{"title":"Josper en la feria Horecava 2014 | Actualidad JOSPER","description":"Josper estuvo en Amsterdam en la feria Horecava 2014, la exposici\u00f3n m\u00e1s grande para el sector de restauraci\u00f3n y catering de los Pa\u00edses Bajos.","robots":{"index":"index","follow":"follow","max-snippet":"max-snippet:-1","max-image-preview":"max-image-preview:large","max-video-preview":"max-video-preview:-1"},"canonical":"https:\/\/jospergrill.com\/es\/ferias-2014-josper-en-horecava\/","og_locale":"es_ES","og_type":"article","og_title":"Josper en la feria Horecava 2014, Amsterdam","og_description":"Josper estuvo en Amsterdam en la feria Horecava 2014, la exposici\u00f3n m\u00e1s grande para el sector de restauraci\u00f3n y catering de los Pa\u00edses Bajos.","og_url":"https:\/\/jospergrill.com\/es\/ferias-2014-josper-en-horecava\/","og_site_name":"Josper","article_publisher":"https:\/\/www.facebook.com\/josperofficial\/","article_published_time":"2014-01-23T15:38:44+00:00","article_modified_time":"2019-03-06T12:15:22+00:00","og_image":[{"width":512,"height":512,"url":"https:\/\/jospergrill.com\/wp-content\/uploads\/2014\/01\/josper-en-horecava-2014.png","type":"image\/png"}],"author":"Josper","twitter_card":"summary_large_image","twitter_creator":"@JosperOfficial","twitter_site":"@JosperOfficial","twitter_misc":{"Escrito por":"Josper","Tiempo de lectura":"1 minuto"},"schema":{"@context":"https:\/\/schema.org","@graph":[{"@type":"Article","@id":"https:\/\/jospergrill.com\/es\/ferias-2014-josper-en-horecava\/#article","isPartOf":{"@id":"https:\/\/jospergrill.com\/es\/ferias-2014-josper-en-horecava\/"},"author":{"name":"Josper","@id":"https:\/\/jospergrill.com\/es\/#\/schema\/person\/8c37bd19b72e8aa58cf954112bb4ae82"},"headline":"Josper en la feria Horecava 2014","datePublished":"2014-01-23T15:38:44+00:00","dateModified":"2019-03-06T12:15:22+00:00","mainEntityOfPage":{"@id":"https:\/\/jospergrill.com\/es\/ferias-2014-josper-en-horecava\/"},"wordCount":234,"publisher":{"@id":"https:\/\/jospergrill.com\/es\/#organization"},"image":{"@id":"https:\/\/jospergrill.com\/es\/ferias-2014-josper-en-horecava\/#primaryimage"},"thumbnailUrl":"https:\/\/jospergrill.com\/wp-content\/uploads\/2014\/01\/josper-en-horecava-2014.png","keywords":["Amsterdam","Charcoal oven","Chefs","FERIAS","Horecava","Josper"],"articleSection":["Ferias y eventos"],"inLanguage":"es"},{"@type":"WebPage","@id":"https:\/\/jospergrill.com\/es\/ferias-2014-josper-en-horecava\/","url":"https:\/\/jospergrill.com\/es\/ferias-2014-josper-en-horecava\/","name":"Josper en la feria Horecava 2014 | Actualidad JOSPER","isPartOf":{"@id":"https:\/\/jospergrill.com\/es\/#website"},"primaryImageOfPage":{"@id":"https:\/\/jospergrill.com\/es\/ferias-2014-josper-en-horecava\/#primaryimage"},"image":{"@id":"https:\/\/jospergrill.com\/es\/ferias-2014-josper-en-horecava\/#primaryimage"},"thumbnailUrl":"https:\/\/jospergrill.com\/wp-content\/uploads\/2014\/01\/josper-en-horecava-2014.png","datePublished":"2014-01-23T15:38:44+00:00","dateModified":"2019-03-06T12:15:22+00:00","description":"Josper estuvo en Amsterdam en la feria Horecava 2014, la exposici\u00f3n m\u00e1s grande para el sector de restauraci\u00f3n y catering de los Pa\u00edses Bajos.","breadcrumb":{"@id":"https:\/\/jospergrill.com\/es\/ferias-2014-josper-en-horecava\/#breadcrumb"},"inLanguage":"es","potentialAction":[{"@type":"ReadAction","target":["https:\/\/jospergrill.com\/es\/ferias-2014-josper-en-horecava\/"]}]},{"@type":"ImageObject","inLanguage":"es","@id":"https:\/\/jospergrill.com\/es\/ferias-2014-josper-en-horecava\/#primaryimage","url":"https:\/\/jospergrill.com\/wp-content\/uploads\/2014\/01\/josper-en-horecava-2014.png","contentUrl":"https:\/\/jospergrill.com\/wp-content\/uploads\/2014\/01\/josper-en-horecava-2014.png","width":512,"height":512,"caption":"HORECAVA es la exposici\u00f3n m\u00e1s grande del sector de larestauraci\u00f3n y catering de los Pa\u00edses Bajos"},{"@type":"BreadcrumbList","@id":"https:\/\/jospergrill.com\/es\/ferias-2014-josper-en-horecava\/#breadcrumb","itemListElement":[{"@type":"ListItem","position":1,"name":"Home","item":"https:\/\/jospergrill.com\/es\/"},{"@type":"ListItem","position":2,"name":"Josper en la feria Horecava 2014"}]},{"@type":"WebSite","@id":"https:\/\/jospergrill.com\/es\/#website","url":"https:\/\/jospergrill.com\/es\/","name":"Josper","description":"Passion for Grilling","publisher":{"@id":"https:\/\/jospergrill.com\/es\/#organization"},"potentialAction":[{"@type":"SearchAction","target":{"@type":"EntryPoint","urlTemplate":"https:\/\/jospergrill.com\/es\/?s={search_term_string}"},"query-input":{"@type":"PropertyValueSpecification","valueRequired":true,"valueName":"search_term_string"}}],"inLanguage":"es"},{"@type":"Organization","@id":"https:\/\/jospergrill.com\/es\/#organization","name":"Josper","url":"https:\/\/jospergrill.com\/es\/","logo":{"@type":"ImageObject","inLanguage":"es","@id":"https:\/\/jospergrill.com\/es\/#\/schema\/logo\/image\/","url":"https:\/\/jospergrill.com\/wp-content\/uploads\/josper-logo-escudo.png","contentUrl":"https:\/\/jospergrill.com\/wp-content\/uploads\/josper-logo-escudo.png","width":112,"height":144,"caption":"Josper"},"image":{"@id":"https:\/\/jospergrill.com\/es\/#\/schema\/logo\/image\/"},"sameAs":["https:\/\/www.facebook.com\/josperofficial\/","https:\/\/x.com\/JosperOfficial"]},{"@type":"Person","@id":"https:\/\/jospergrill.com\/es\/#\/schema\/person\/8c37bd19b72e8aa58cf954112bb4ae82","name":"Josper","image":{"@type":"ImageObject","inLanguage":"es","@id":"https:\/\/secure.gravatar.com\/avatar\/c59cd8a9ace8352c793c6e995dd99d5b7b2f11b86ad561ea3a8a37e18dab6fc4?s=96&d=mm&r=g","url":"https:\/\/secure.gravatar.com\/avatar\/c59cd8a9ace8352c793c6e995dd99d5b7b2f11b86ad561ea3a8a37e18dab6fc4?s=96&d=mm&r=g","contentUrl":"https:\/\/secure.gravatar.com\/avatar\/c59cd8a9ace8352c793c6e995dd99d5b7b2f11b86ad561ea3a8a37e18dab6fc4?s=96&d=mm&r=g","caption":"Josper"},"sameAs":["https:\/\/jospergrill.com\/"],"url":"https:\/\/jospergrill.com\/es\/author\/autor\/"}]}},"_links":{"self":[{"href":"https:\/\/jospergrill.com\/es\/wp-json\/wp\/v2\/posts\/1639","targetHints":{"allow":["GET"]}}],"collection":[{"href":"https:\/\/jospergrill.com\/es\/wp-json\/wp\/v2\/posts"}],"about":[{"href":"https:\/\/jospergrill.com\/es\/wp-json\/wp\/v2\/types\/post"}],"author":[{"embeddable":true,"href":"https:\/\/jospergrill.com\/es\/wp-json\/wp\/v2\/users\/4"}],"replies":[{"embeddable":true,"href":"https:\/\/jospergrill.com\/es\/wp-json\/wp\/v2\/comments?post=1639"}],"version-history":[{"count":0,"href":"https:\/\/jospergrill.com\/es\/wp-json\/wp\/v2\/posts\/1639\/revisions"}],"wp:featuredmedia":[{"embeddable":true,"href":"https:\/\/jospergrill.com\/es\/wp-json\/wp\/v2\/media\/3457"}],"wp:attachment":[{"href":"https:\/\/jospergrill.com\/es\/wp-json\/wp\/v2\/media?parent=1639"}],"wp:term":[{"taxonomy":"category","embeddable":true,"href":"https:\/\/jospergrill.com\/es\/wp-json\/wp\/v2\/categories?post=1639"},{"taxonomy":"post_tag","embeddable":true,"href":"https:\/\/jospergrill.com\/es\/wp-json\/wp\/v2\/tags?post=1639"}],"curies":[{"name":"wp","href":"https:\/\/api.w.org\/{rel}","templated":true}]}}