{"id":1286,"date":"2013-05-17T11:14:08","date_gmt":"2013-05-17T10:14:08","guid":{"rendered":"http:\/\/www.josper.es\/blog\/?p=1286"},"modified":"2019-03-13T09:07:24","modified_gmt":"2019-03-13T09:07:24","slug":"josper-de-nuevo-en-el-mati-de-catalunya-radio","status":"publish","type":"post","link":"https:\/\/jospergrill.com\/es\/josper-de-nuevo-en-el-mati-de-catalunya-radio\/","title":{"rendered":"Josper de nuevo en &#8220;El Mat\u00ed de Catalunya R\u00e0dio&#8221;"},"content":{"rendered":"\n<p>De nuevo en este genial programa de radio conducido por Manel Fuentes, se hace referencia al horno Josper hablando en esta ocasi\u00f3n del Restaurante &#8220;El Punx&#8221; en Barcelona, que pod\u00e9is escucharlo aproximadamente en el minuto 20:20.<\/p>\n\n\n\n<p>Link: http:\/\/www.catradio.cat\/audio\/727563\/Bons-vivants<\/p>\n","protected":false},"excerpt":{"rendered":"<p>De nuevo en este genial programa de radio conducido por Manel Fuentes, se hace referencia al horno Josper hablando en esta ocasi\u00f3n del Restaurante &#8220;El Punx&#8221; en Barcelona, que pod\u00e9is escucharlo aproximadamente en el minuto 20:20. Link: http:\/\/www.catradio.cat\/audio\/727563\/Bons-vivants<\/p>\n","protected":false},"author":4,"featured_media":3675,"comment_status":"closed","ping_status":"open","sticky":false,"template":"","format":"standard","meta":{"_acf_changed":false,"site-sidebar-layout":"default","site-content-layout":"default","ast-site-content-layout":"default","site-content-style":"default","site-sidebar-style":"default","ast-global-header-display":"","ast-banner-title-visibility":"","ast-main-header-display":"","ast-hfb-above-header-display":"","ast-hfb-below-header-display":"","ast-hfb-mobile-header-display":"","site-post-title":"","ast-breadcrumbs-content":"","ast-featured-img":"","footer-sml-layout":"","ast-disable-related-posts":"","theme-transparent-header-meta":"default","adv-header-id-meta":"","stick-header-meta":"default","header-above-stick-meta":"","header-main-stick-meta":"","header-below-stick-meta":"","astra-migrate-meta-layouts":"default","ast-page-background-enabled":"default","ast-page-background-meta":{"desktop":{"background-color":"","background-image":"","background-repeat":"repeat","background-position":"center center","background-size":"auto","background-attachment":"scroll","background-type":"","background-media":"","overlay-type":"","overlay-color":"","overlay-opacity":"","overlay-gradient":""},"tablet":{"background-color":"","background-image":"","background-repeat":"repeat","background-position":"center center","background-size":"auto","background-attachment":"scroll","background-type":"","background-media":"","overlay-type":"","overlay-color":"","overlay-opacity":"","overlay-gradient":""},"mobile":{"background-color":"","background-image":"","background-repeat":"repeat","background-position":"center center","background-size":"auto","background-attachment":"scroll","background-type":"","background-media":"","overlay-type":"","overlay-color":"","overlay-opacity":"","overlay-gradient":""}},"ast-content-background-meta":{"desktop":{"background-color":"var(--ast-global-color-5)","background-image":"","background-repeat":"repeat","background-position":"center center","background-size":"auto","background-attachment":"scroll","background-type":"","background-media":"","overlay-type":"","overlay-color":"","overlay-opacity":"","overlay-gradient":""},"tablet":{"background-color":"var(--ast-global-color-5)","background-image":"","background-repeat":"repeat","background-position":"center center","background-size":"auto","background-attachment":"scroll","background-type":"","background-media":"","overlay-type":"","overlay-color":"","overlay-opacity":"","overlay-gradient":""},"mobile":{"background-color":"var(--ast-global-color-5)","background-image":"","background-repeat":"repeat","background-position":"center center","background-size":"auto","background-attachment":"scroll","background-type":"","background-media":"","overlay-type":"","overlay-color":"","overlay-opacity":"","overlay-gradient":""}},"footnotes":""},"categories":[43,28,13],"tags":[14,3,7,20],"class_list":["post-1286","post","type-post","status-publish","format-standard","has-post-thumbnail","hentry","category-clientes","category-curiosidades","category-prensa-radio-tv","tag-cataluna-radio","tag-charcoal-oven","tag-josper","tag-restaurant"],"acf":[],"yoast_head":"<!-- This site is optimized with the Yoast SEO plugin v27.5 - https:\/\/yoast.com\/product\/yoast-seo-wordpress\/ -->\n<title>Josper de nuevo en El Mat\u00ed de Catalunya R\u00e0dio | Actualidad JOSPER<\/title>\n<meta name=\"description\" content=\"Josper regresa al programa de radio El Mat\u00ed de Catalunya R\u00e0dio, conducido por Manel Fuentes, hablando sobre el restaurante &quot;El Punx&quot;, en Barcelona.\" \/>\n<meta name=\"robots\" content=\"index, follow, max-snippet:-1, max-image-preview:large, max-video-preview:-1\" \/>\n<link rel=\"canonical\" href=\"https:\/\/jospergrill.com\/es\/josper-de-nuevo-en-el-mati-de-catalunya-radio\/\" \/>\n<meta property=\"og:locale\" content=\"es_ES\" \/>\n<meta property=\"og:type\" content=\"article\" \/>\n<meta property=\"og:title\" content=\"Josper de nuevo en &quot;El Mat\u00ed de Catalunya R\u00e0dio\" \/>\n<meta property=\"og:description\" content=\"Josper regresa al programa de radio El Mat\u00ed de Catalunya R\u00e0dio, conducido por Manel Fuentes, hablando sobre el restaurante &quot;El Punx&quot;, en Barcelona.\" \/>\n<meta property=\"og:url\" content=\"https:\/\/jospergrill.com\/es\/josper-de-nuevo-en-el-mati-de-catalunya-radio\/\" \/>\n<meta property=\"og:site_name\" content=\"Josper\" \/>\n<meta property=\"article:publisher\" content=\"https:\/\/www.facebook.com\/josperofficial\/\" \/>\n<meta property=\"article:published_time\" content=\"2013-05-17T10:14:08+00:00\" \/>\n<meta property=\"article:modified_time\" content=\"2019-03-13T09:07:24+00:00\" \/>\n<meta property=\"og:image\" content=\"https:\/\/jospergrill.com\/wp-content\/uploads\/2013\/05\/josper-vuelve-a-catalunya-radio.jpg\" \/>\n\t<meta property=\"og:image:width\" content=\"1000\" \/>\n\t<meta property=\"og:image:height\" content=\"513\" \/>\n\t<meta property=\"og:image:type\" content=\"image\/jpeg\" \/>\n<meta name=\"author\" content=\"Josper\" \/>\n<meta name=\"twitter:card\" content=\"summary_large_image\" \/>\n<meta name=\"twitter:creator\" content=\"@JosperOfficial\" \/>\n<meta name=\"twitter:site\" content=\"@JosperOfficial\" \/>\n<meta name=\"twitter:label1\" content=\"Escrito por\" \/>\n\t<meta name=\"twitter:data1\" content=\"Josper\" \/>\n<script type=\"application\/ld+json\" class=\"yoast-schema-graph\">{\"@context\":\"https:\\\/\\\/schema.org\",\"@graph\":[{\"@type\":\"Article\",\"@id\":\"https:\\\/\\\/jospergrill.com\\\/es\\\/josper-de-nuevo-en-el-mati-de-catalunya-radio\\\/#article\",\"isPartOf\":{\"@id\":\"https:\\\/\\\/jospergrill.com\\\/es\\\/josper-de-nuevo-en-el-mati-de-catalunya-radio\\\/\"},\"author\":{\"name\":\"Josper\",\"@id\":\"https:\\\/\\\/jospergrill.com\\\/es\\\/#\\\/schema\\\/person\\\/8c37bd19b72e8aa58cf954112bb4ae82\"},\"headline\":\"Josper de nuevo en &#8220;El Mat\u00ed de Catalunya R\u00e0dio&#8221;\",\"datePublished\":\"2013-05-17T10:14:08+00:00\",\"dateModified\":\"2019-03-13T09:07:24+00:00\",\"mainEntityOfPage\":{\"@id\":\"https:\\\/\\\/jospergrill.com\\\/es\\\/josper-de-nuevo-en-el-mati-de-catalunya-radio\\\/\"},\"wordCount\":54,\"publisher\":{\"@id\":\"https:\\\/\\\/jospergrill.com\\\/es\\\/#organization\"},\"image\":{\"@id\":\"https:\\\/\\\/jospergrill.com\\\/es\\\/josper-de-nuevo-en-el-mati-de-catalunya-radio\\\/#primaryimage\"},\"thumbnailUrl\":\"https:\\\/\\\/jospergrill.com\\\/wp-content\\\/uploads\\\/2013\\\/05\\\/josper-vuelve-a-catalunya-radio.jpg\",\"keywords\":[\"Catalu\u00f1a radio\",\"Charcoal oven\",\"Josper\",\"Restaurant\"],\"articleSection\":[\"Clientes\",\"Curiosidades\",\"Prensa, Radio y TV\"],\"inLanguage\":\"es\"},{\"@type\":\"WebPage\",\"@id\":\"https:\\\/\\\/jospergrill.com\\\/es\\\/josper-de-nuevo-en-el-mati-de-catalunya-radio\\\/\",\"url\":\"https:\\\/\\\/jospergrill.com\\\/es\\\/josper-de-nuevo-en-el-mati-de-catalunya-radio\\\/\",\"name\":\"Josper de nuevo en El Mat\u00ed de Catalunya R\u00e0dio | Actualidad JOSPER\",\"isPartOf\":{\"@id\":\"https:\\\/\\\/jospergrill.com\\\/es\\\/#website\"},\"primaryImageOfPage\":{\"@id\":\"https:\\\/\\\/jospergrill.com\\\/es\\\/josper-de-nuevo-en-el-mati-de-catalunya-radio\\\/#primaryimage\"},\"image\":{\"@id\":\"https:\\\/\\\/jospergrill.com\\\/es\\\/josper-de-nuevo-en-el-mati-de-catalunya-radio\\\/#primaryimage\"},\"thumbnailUrl\":\"https:\\\/\\\/jospergrill.com\\\/wp-content\\\/uploads\\\/2013\\\/05\\\/josper-vuelve-a-catalunya-radio.jpg\",\"datePublished\":\"2013-05-17T10:14:08+00:00\",\"dateModified\":\"2019-03-13T09:07:24+00:00\",\"description\":\"Josper regresa al programa de radio El Mat\u00ed de Catalunya R\u00e0dio, conducido por Manel Fuentes, hablando sobre el restaurante \\\"El Punx\\\", en Barcelona.\",\"breadcrumb\":{\"@id\":\"https:\\\/\\\/jospergrill.com\\\/es\\\/josper-de-nuevo-en-el-mati-de-catalunya-radio\\\/#breadcrumb\"},\"inLanguage\":\"es\",\"potentialAction\":[{\"@type\":\"ReadAction\",\"target\":[\"https:\\\/\\\/jospergrill.com\\\/es\\\/josper-de-nuevo-en-el-mati-de-catalunya-radio\\\/\"]}]},{\"@type\":\"ImageObject\",\"inLanguage\":\"es\",\"@id\":\"https:\\\/\\\/jospergrill.com\\\/es\\\/josper-de-nuevo-en-el-mati-de-catalunya-radio\\\/#primaryimage\",\"url\":\"https:\\\/\\\/jospergrill.com\\\/wp-content\\\/uploads\\\/2013\\\/05\\\/josper-vuelve-a-catalunya-radio.jpg\",\"contentUrl\":\"https:\\\/\\\/jospergrill.com\\\/wp-content\\\/uploads\\\/2013\\\/05\\\/josper-vuelve-a-catalunya-radio.jpg\",\"width\":1000,\"height\":513,\"caption\":\"Josper en Catalunya R\u00e0dio\"},{\"@type\":\"BreadcrumbList\",\"@id\":\"https:\\\/\\\/jospergrill.com\\\/es\\\/josper-de-nuevo-en-el-mati-de-catalunya-radio\\\/#breadcrumb\",\"itemListElement\":[{\"@type\":\"ListItem\",\"position\":1,\"name\":\"Home\",\"item\":\"https:\\\/\\\/jospergrill.com\\\/es\\\/\"},{\"@type\":\"ListItem\",\"position\":2,\"name\":\"Josper de nuevo en &#8220;El Mat\u00ed de Catalunya R\u00e0dio&#8221;\"}]},{\"@type\":\"WebSite\",\"@id\":\"https:\\\/\\\/jospergrill.com\\\/es\\\/#website\",\"url\":\"https:\\\/\\\/jospergrill.com\\\/es\\\/\",\"name\":\"Josper\",\"description\":\"Passion for Grilling\",\"publisher\":{\"@id\":\"https:\\\/\\\/jospergrill.com\\\/es\\\/#organization\"},\"potentialAction\":[{\"@type\":\"SearchAction\",\"target\":{\"@type\":\"EntryPoint\",\"urlTemplate\":\"https:\\\/\\\/jospergrill.com\\\/es\\\/?s={search_term_string}\"},\"query-input\":{\"@type\":\"PropertyValueSpecification\",\"valueRequired\":true,\"valueName\":\"search_term_string\"}}],\"inLanguage\":\"es\"},{\"@type\":\"Organization\",\"@id\":\"https:\\\/\\\/jospergrill.com\\\/es\\\/#organization\",\"name\":\"Josper\",\"url\":\"https:\\\/\\\/jospergrill.com\\\/es\\\/\",\"logo\":{\"@type\":\"ImageObject\",\"inLanguage\":\"es\",\"@id\":\"https:\\\/\\\/jospergrill.com\\\/es\\\/#\\\/schema\\\/logo\\\/image\\\/\",\"url\":\"https:\\\/\\\/jospergrill.com\\\/wp-content\\\/uploads\\\/josper-logo-escudo.png\",\"contentUrl\":\"https:\\\/\\\/jospergrill.com\\\/wp-content\\\/uploads\\\/josper-logo-escudo.png\",\"width\":112,\"height\":144,\"caption\":\"Josper\"},\"image\":{\"@id\":\"https:\\\/\\\/jospergrill.com\\\/es\\\/#\\\/schema\\\/logo\\\/image\\\/\"},\"sameAs\":[\"https:\\\/\\\/www.facebook.com\\\/josperofficial\\\/\",\"https:\\\/\\\/x.com\\\/JosperOfficial\"]},{\"@type\":\"Person\",\"@id\":\"https:\\\/\\\/jospergrill.com\\\/es\\\/#\\\/schema\\\/person\\\/8c37bd19b72e8aa58cf954112bb4ae82\",\"name\":\"Josper\",\"image\":{\"@type\":\"ImageObject\",\"inLanguage\":\"es\",\"@id\":\"https:\\\/\\\/secure.gravatar.com\\\/avatar\\\/c59cd8a9ace8352c793c6e995dd99d5b7b2f11b86ad561ea3a8a37e18dab6fc4?s=96&d=mm&r=g\",\"url\":\"https:\\\/\\\/secure.gravatar.com\\\/avatar\\\/c59cd8a9ace8352c793c6e995dd99d5b7b2f11b86ad561ea3a8a37e18dab6fc4?s=96&d=mm&r=g\",\"contentUrl\":\"https:\\\/\\\/secure.gravatar.com\\\/avatar\\\/c59cd8a9ace8352c793c6e995dd99d5b7b2f11b86ad561ea3a8a37e18dab6fc4?s=96&d=mm&r=g\",\"caption\":\"Josper\"},\"sameAs\":[\"https:\\\/\\\/jospergrill.com\\\/\"],\"url\":\"https:\\\/\\\/jospergrill.com\\\/es\\\/author\\\/autor\\\/\"}]}<\/script>\n<!-- \/ Yoast SEO plugin. -->","yoast_head_json":{"title":"Josper de nuevo en El Mat\u00ed de Catalunya R\u00e0dio | Actualidad JOSPER","description":"Josper regresa al programa de radio El Mat\u00ed de Catalunya R\u00e0dio, conducido por Manel Fuentes, hablando sobre el restaurante \"El Punx\", en Barcelona.","robots":{"index":"index","follow":"follow","max-snippet":"max-snippet:-1","max-image-preview":"max-image-preview:large","max-video-preview":"max-video-preview:-1"},"canonical":"https:\/\/jospergrill.com\/es\/josper-de-nuevo-en-el-mati-de-catalunya-radio\/","og_locale":"es_ES","og_type":"article","og_title":"Josper de nuevo en \"El Mat\u00ed de Catalunya R\u00e0dio","og_description":"Josper regresa al programa de radio El Mat\u00ed de Catalunya R\u00e0dio, conducido por Manel Fuentes, hablando sobre el restaurante \"El Punx\", en Barcelona.","og_url":"https:\/\/jospergrill.com\/es\/josper-de-nuevo-en-el-mati-de-catalunya-radio\/","og_site_name":"Josper","article_publisher":"https:\/\/www.facebook.com\/josperofficial\/","article_published_time":"2013-05-17T10:14:08+00:00","article_modified_time":"2019-03-13T09:07:24+00:00","og_image":[{"width":1000,"height":513,"url":"https:\/\/jospergrill.com\/wp-content\/uploads\/2013\/05\/josper-vuelve-a-catalunya-radio.jpg","type":"image\/jpeg"}],"author":"Josper","twitter_card":"summary_large_image","twitter_creator":"@JosperOfficial","twitter_site":"@JosperOfficial","twitter_misc":{"Escrito por":"Josper"},"schema":{"@context":"https:\/\/schema.org","@graph":[{"@type":"Article","@id":"https:\/\/jospergrill.com\/es\/josper-de-nuevo-en-el-mati-de-catalunya-radio\/#article","isPartOf":{"@id":"https:\/\/jospergrill.com\/es\/josper-de-nuevo-en-el-mati-de-catalunya-radio\/"},"author":{"name":"Josper","@id":"https:\/\/jospergrill.com\/es\/#\/schema\/person\/8c37bd19b72e8aa58cf954112bb4ae82"},"headline":"Josper de nuevo en &#8220;El Mat\u00ed de Catalunya R\u00e0dio&#8221;","datePublished":"2013-05-17T10:14:08+00:00","dateModified":"2019-03-13T09:07:24+00:00","mainEntityOfPage":{"@id":"https:\/\/jospergrill.com\/es\/josper-de-nuevo-en-el-mati-de-catalunya-radio\/"},"wordCount":54,"publisher":{"@id":"https:\/\/jospergrill.com\/es\/#organization"},"image":{"@id":"https:\/\/jospergrill.com\/es\/josper-de-nuevo-en-el-mati-de-catalunya-radio\/#primaryimage"},"thumbnailUrl":"https:\/\/jospergrill.com\/wp-content\/uploads\/2013\/05\/josper-vuelve-a-catalunya-radio.jpg","keywords":["Catalu\u00f1a radio","Charcoal oven","Josper","Restaurant"],"articleSection":["Clientes","Curiosidades","Prensa, Radio y TV"],"inLanguage":"es"},{"@type":"WebPage","@id":"https:\/\/jospergrill.com\/es\/josper-de-nuevo-en-el-mati-de-catalunya-radio\/","url":"https:\/\/jospergrill.com\/es\/josper-de-nuevo-en-el-mati-de-catalunya-radio\/","name":"Josper de nuevo en El Mat\u00ed de Catalunya R\u00e0dio | Actualidad JOSPER","isPartOf":{"@id":"https:\/\/jospergrill.com\/es\/#website"},"primaryImageOfPage":{"@id":"https:\/\/jospergrill.com\/es\/josper-de-nuevo-en-el-mati-de-catalunya-radio\/#primaryimage"},"image":{"@id":"https:\/\/jospergrill.com\/es\/josper-de-nuevo-en-el-mati-de-catalunya-radio\/#primaryimage"},"thumbnailUrl":"https:\/\/jospergrill.com\/wp-content\/uploads\/2013\/05\/josper-vuelve-a-catalunya-radio.jpg","datePublished":"2013-05-17T10:14:08+00:00","dateModified":"2019-03-13T09:07:24+00:00","description":"Josper regresa al programa de radio El Mat\u00ed de Catalunya R\u00e0dio, conducido por Manel Fuentes, hablando sobre el restaurante \"El Punx\", en Barcelona.","breadcrumb":{"@id":"https:\/\/jospergrill.com\/es\/josper-de-nuevo-en-el-mati-de-catalunya-radio\/#breadcrumb"},"inLanguage":"es","potentialAction":[{"@type":"ReadAction","target":["https:\/\/jospergrill.com\/es\/josper-de-nuevo-en-el-mati-de-catalunya-radio\/"]}]},{"@type":"ImageObject","inLanguage":"es","@id":"https:\/\/jospergrill.com\/es\/josper-de-nuevo-en-el-mati-de-catalunya-radio\/#primaryimage","url":"https:\/\/jospergrill.com\/wp-content\/uploads\/2013\/05\/josper-vuelve-a-catalunya-radio.jpg","contentUrl":"https:\/\/jospergrill.com\/wp-content\/uploads\/2013\/05\/josper-vuelve-a-catalunya-radio.jpg","width":1000,"height":513,"caption":"Josper en Catalunya R\u00e0dio"},{"@type":"BreadcrumbList","@id":"https:\/\/jospergrill.com\/es\/josper-de-nuevo-en-el-mati-de-catalunya-radio\/#breadcrumb","itemListElement":[{"@type":"ListItem","position":1,"name":"Home","item":"https:\/\/jospergrill.com\/es\/"},{"@type":"ListItem","position":2,"name":"Josper de nuevo en &#8220;El Mat\u00ed de Catalunya R\u00e0dio&#8221;"}]},{"@type":"WebSite","@id":"https:\/\/jospergrill.com\/es\/#website","url":"https:\/\/jospergrill.com\/es\/","name":"Josper","description":"Passion for Grilling","publisher":{"@id":"https:\/\/jospergrill.com\/es\/#organization"},"potentialAction":[{"@type":"SearchAction","target":{"@type":"EntryPoint","urlTemplate":"https:\/\/jospergrill.com\/es\/?s={search_term_string}"},"query-input":{"@type":"PropertyValueSpecification","valueRequired":true,"valueName":"search_term_string"}}],"inLanguage":"es"},{"@type":"Organization","@id":"https:\/\/jospergrill.com\/es\/#organization","name":"Josper","url":"https:\/\/jospergrill.com\/es\/","logo":{"@type":"ImageObject","inLanguage":"es","@id":"https:\/\/jospergrill.com\/es\/#\/schema\/logo\/image\/","url":"https:\/\/jospergrill.com\/wp-content\/uploads\/josper-logo-escudo.png","contentUrl":"https:\/\/jospergrill.com\/wp-content\/uploads\/josper-logo-escudo.png","width":112,"height":144,"caption":"Josper"},"image":{"@id":"https:\/\/jospergrill.com\/es\/#\/schema\/logo\/image\/"},"sameAs":["https:\/\/www.facebook.com\/josperofficial\/","https:\/\/x.com\/JosperOfficial"]},{"@type":"Person","@id":"https:\/\/jospergrill.com\/es\/#\/schema\/person\/8c37bd19b72e8aa58cf954112bb4ae82","name":"Josper","image":{"@type":"ImageObject","inLanguage":"es","@id":"https:\/\/secure.gravatar.com\/avatar\/c59cd8a9ace8352c793c6e995dd99d5b7b2f11b86ad561ea3a8a37e18dab6fc4?s=96&d=mm&r=g","url":"https:\/\/secure.gravatar.com\/avatar\/c59cd8a9ace8352c793c6e995dd99d5b7b2f11b86ad561ea3a8a37e18dab6fc4?s=96&d=mm&r=g","contentUrl":"https:\/\/secure.gravatar.com\/avatar\/c59cd8a9ace8352c793c6e995dd99d5b7b2f11b86ad561ea3a8a37e18dab6fc4?s=96&d=mm&r=g","caption":"Josper"},"sameAs":["https:\/\/jospergrill.com\/"],"url":"https:\/\/jospergrill.com\/es\/author\/autor\/"}]}},"_links":{"self":[{"href":"https:\/\/jospergrill.com\/es\/wp-json\/wp\/v2\/posts\/1286","targetHints":{"allow":["GET"]}}],"collection":[{"href":"https:\/\/jospergrill.com\/es\/wp-json\/wp\/v2\/posts"}],"about":[{"href":"https:\/\/jospergrill.com\/es\/wp-json\/wp\/v2\/types\/post"}],"author":[{"embeddable":true,"href":"https:\/\/jospergrill.com\/es\/wp-json\/wp\/v2\/users\/4"}],"replies":[{"embeddable":true,"href":"https:\/\/jospergrill.com\/es\/wp-json\/wp\/v2\/comments?post=1286"}],"version-history":[{"count":0,"href":"https:\/\/jospergrill.com\/es\/wp-json\/wp\/v2\/posts\/1286\/revisions"}],"wp:featuredmedia":[{"embeddable":true,"href":"https:\/\/jospergrill.com\/es\/wp-json\/wp\/v2\/media\/3675"}],"wp:attachment":[{"href":"https:\/\/jospergrill.com\/es\/wp-json\/wp\/v2\/media?parent=1286"}],"wp:term":[{"taxonomy":"category","embeddable":true,"href":"https:\/\/jospergrill.com\/es\/wp-json\/wp\/v2\/categories?post=1286"},{"taxonomy":"post_tag","embeddable":true,"href":"https:\/\/jospergrill.com\/es\/wp-json\/wp\/v2\/tags?post=1286"}],"curies":[{"name":"wp","href":"https:\/\/api.w.org\/{rel}","templated":true}]}}