{"id":1240,"date":"2013-02-15T11:44:33","date_gmt":"2013-02-15T10:44:33","guid":{"rendered":"http:\/\/www.josper.es\/blog\/?p=1240"},"modified":"2019-07-17T09:54:02","modified_gmt":"2019-07-17T09:54:02","slug":"corto-mugaritz-en-berlinade","status":"publish","type":"post","link":"https:\/\/jospergrill.com\/es\/corto-mugaritz-en-berlinade\/","title":{"rendered":"Un cortometraje con una gran estrella"},"content":{"rendered":"\n<p>La preciosa hija del director de cine <strong>Felipe Ugarte<\/strong>, Naia, de 8 a\u00f1os de edad, es la protagonista de un cortometraje que ha sido seleccionado en la 63\u00aa edici\u00f3n de la Berlinale. Lo que pretend\u00eda ser solamente un recuerdo familiar entra\u00f1able se acab\u00f3 convirtiendo se en un cortometraje gastron\u00f3mico seleccionado por el festival de cine alem\u00e1n en su secci\u00f3n <em>Culinary Cinema<\/em>.<\/p>\n\n\n\n<p>Como pod\u00e9is ver en la foto y en el delantal de Naia, el corto est\u00e1 rodado en la cocina del restaurante <a title=\"Mugaritz\" rel=\"noopener noreferrer\" href=\"http:\/\/www.mugaritz.com\" target=\"_blank\"><strong>Mugaritz<\/strong><\/a> de Andoni Luis Aduriz. Naia\u00a0fue\u00a0invitada por la jefa de cocina al escuchar a la peque\u00f1a decir que le encantar\u00eda jugar\u00a0all\u00ed, y cerraron el restaurante para la grabaci\u00f3n.<\/p>\n\n\n\n<p>Estamos esperando a que este padre tan orgulloso proyecte el corto como ya ha prometido, y poder ver a tan magn\u00edfica cocinera trabajando en un dos Estrellas&nbsp;Michelin. \u00bfSe habr\u00e1 atrevido con el Josper de Mugaritz? Esperamos poder saberlo en breve.<\/p>\n\n\n\n<p>Para leer la noticia completa, esta web de la\u00a0<a title=\"Cadena Ser\" rel=\"noopener noreferrer\" href=\"http:\/\/www.cadenaser.com\/gastro\/articulo\/felipe-ugarte-regresa-berlinale-cortometraje-gastronomico-kitchen-dreams\/csrcsrpor\/20130209csrcsrgst_1\/Tes\" target=\"_blank\"><strong>Cadena Ser<\/strong><\/a>.<\/p>\n","protected":false},"excerpt":{"rendered":"<p>La preciosa hija del director de cine Felipe Ugarte, Naia, de 8 a\u00f1os de edad, es la protagonista de un cortometraje que ha sido seleccionado en la 63\u00aa edici\u00f3n de la Berlinale. Lo que pretend\u00eda ser solamente un recuerdo familiar entra\u00f1able se acab\u00f3 convirtiendo se en un cortometraje gastron\u00f3mico seleccionado por el festival de cine [&hellip;]<\/p>\n","protected":false},"author":4,"featured_media":4564,"comment_status":"closed","ping_status":"open","sticky":false,"template":"","format":"standard","meta":{"_acf_changed":false,"site-sidebar-layout":"default","site-content-layout":"default","ast-site-content-layout":"default","site-content-style":"default","site-sidebar-style":"default","ast-global-header-display":"","ast-banner-title-visibility":"","ast-main-header-display":"","ast-hfb-above-header-display":"","ast-hfb-below-header-display":"","ast-hfb-mobile-header-display":"","site-post-title":"","ast-breadcrumbs-content":"","ast-featured-img":"","footer-sml-layout":"","ast-disable-related-posts":"","theme-transparent-header-meta":"default","adv-header-id-meta":"","stick-header-meta":"default","header-above-stick-meta":"","header-main-stick-meta":"","header-below-stick-meta":"","astra-migrate-meta-layouts":"default","ast-page-background-enabled":"default","ast-page-background-meta":{"desktop":{"background-color":"","background-image":"","background-repeat":"repeat","background-position":"center center","background-size":"auto","background-attachment":"scroll","background-type":"","background-media":"","overlay-type":"","overlay-color":"","overlay-opacity":"","overlay-gradient":""},"tablet":{"background-color":"","background-image":"","background-repeat":"repeat","background-position":"center center","background-size":"auto","background-attachment":"scroll","background-type":"","background-media":"","overlay-type":"","overlay-color":"","overlay-opacity":"","overlay-gradient":""},"mobile":{"background-color":"","background-image":"","background-repeat":"repeat","background-position":"center center","background-size":"auto","background-attachment":"scroll","background-type":"","background-media":"","overlay-type":"","overlay-color":"","overlay-opacity":"","overlay-gradient":""}},"ast-content-background-meta":{"desktop":{"background-color":"var(--ast-global-color-5)","background-image":"","background-repeat":"repeat","background-position":"center center","background-size":"auto","background-attachment":"scroll","background-type":"","background-media":"","overlay-type":"","overlay-color":"","overlay-opacity":"","overlay-gradient":""},"tablet":{"background-color":"var(--ast-global-color-5)","background-image":"","background-repeat":"repeat","background-position":"center center","background-size":"auto","background-attachment":"scroll","background-type":"","background-media":"","overlay-type":"","overlay-color":"","overlay-opacity":"","overlay-gradient":""},"mobile":{"background-color":"var(--ast-global-color-5)","background-image":"","background-repeat":"repeat","background-position":"center center","background-size":"auto","background-attachment":"scroll","background-type":"","background-media":"","overlay-type":"","overlay-color":"","overlay-opacity":"","overlay-gradient":""}},"footnotes":""},"categories":[4],"tags":[45,7,73],"class_list":["post-1240","post","type-post","status-publish","format-standard","has-post-thumbnail","hentry","category-noticias-josper","tag-estrellas-michelin","tag-josper","tag-mugaritz"],"acf":[],"yoast_head":"<!-- This site is optimized with the Yoast SEO plugin v27.5 - https:\/\/yoast.com\/product\/yoast-seo-wordpress\/ -->\n<title>Un cortometraje con una gran estrella | Actualidad JOSPER<\/title>\n<meta name=\"description\" content=\"Naia, la hija del director de cine Felipe Ugarte, protagoniza un cortometraje seleccionado en la 63\u00aa edici\u00f3n de la Berlinale en su secci\u00f3n Culinary Cinema.\" \/>\n<meta name=\"robots\" content=\"index, follow, max-snippet:-1, max-image-preview:large, max-video-preview:-1\" \/>\n<link rel=\"canonical\" href=\"https:\/\/jospergrill.com\/es\/corto-mugaritz-en-berlinade\/\" \/>\n<meta property=\"og:locale\" content=\"es_ES\" \/>\n<meta property=\"og:type\" content=\"article\" \/>\n<meta property=\"og:title\" content=\"Un cortometraje con una gran estrella | Actualidad JOSPER\" \/>\n<meta property=\"og:description\" content=\"Naia, la hija del director de cine Felipe Ugarte, protagoniza un cortometraje seleccionado en la 63\u00aa edici\u00f3n de la Berlinale en su secci\u00f3n Culinary Cinema.\" \/>\n<meta property=\"og:url\" content=\"https:\/\/jospergrill.com\/es\/corto-mugaritz-en-berlinade\/\" \/>\n<meta property=\"og:site_name\" content=\"Josper\" \/>\n<meta property=\"article:publisher\" content=\"https:\/\/www.facebook.com\/josperofficial\/\" \/>\n<meta property=\"article:published_time\" content=\"2013-02-15T10:44:33+00:00\" \/>\n<meta property=\"article:modified_time\" content=\"2019-07-17T09:54:02+00:00\" \/>\n<meta property=\"og:image\" content=\"https:\/\/jospergrill.com\/wp-content\/uploads\/2013\/02\/naia-ugarte-protagonista-kitchen-dreams.jpg\" \/>\n\t<meta property=\"og:image:width\" content=\"668\" \/>\n\t<meta property=\"og:image:height\" content=\"420\" \/>\n\t<meta property=\"og:image:type\" content=\"image\/jpeg\" \/>\n<meta name=\"author\" content=\"Josper\" \/>\n<meta name=\"twitter:card\" content=\"summary_large_image\" \/>\n<meta name=\"twitter:creator\" content=\"@JosperOfficial\" \/>\n<meta name=\"twitter:site\" content=\"@JosperOfficial\" \/>\n<meta name=\"twitter:label1\" content=\"Escrito por\" \/>\n\t<meta name=\"twitter:data1\" content=\"Josper\" \/>\n\t<meta name=\"twitter:label2\" content=\"Tiempo de lectura\" \/>\n\t<meta name=\"twitter:data2\" content=\"1 minuto\" \/>\n<script type=\"application\/ld+json\" class=\"yoast-schema-graph\">{\"@context\":\"https:\\\/\\\/schema.org\",\"@graph\":[{\"@type\":\"Article\",\"@id\":\"https:\\\/\\\/jospergrill.com\\\/es\\\/corto-mugaritz-en-berlinade\\\/#article\",\"isPartOf\":{\"@id\":\"https:\\\/\\\/jospergrill.com\\\/es\\\/corto-mugaritz-en-berlinade\\\/\"},\"author\":{\"name\":\"Josper\",\"@id\":\"https:\\\/\\\/jospergrill.com\\\/es\\\/#\\\/schema\\\/person\\\/8c37bd19b72e8aa58cf954112bb4ae82\"},\"headline\":\"Un cortometraje con una gran estrella\",\"datePublished\":\"2013-02-15T10:44:33+00:00\",\"dateModified\":\"2019-07-17T09:54:02+00:00\",\"mainEntityOfPage\":{\"@id\":\"https:\\\/\\\/jospergrill.com\\\/es\\\/corto-mugaritz-en-berlinade\\\/\"},\"wordCount\":182,\"publisher\":{\"@id\":\"https:\\\/\\\/jospergrill.com\\\/es\\\/#organization\"},\"image\":{\"@id\":\"https:\\\/\\\/jospergrill.com\\\/es\\\/corto-mugaritz-en-berlinade\\\/#primaryimage\"},\"thumbnailUrl\":\"https:\\\/\\\/jospergrill.com\\\/wp-content\\\/uploads\\\/2013\\\/02\\\/naia-ugarte-protagonista-kitchen-dreams.jpg\",\"keywords\":[\"Estrellas Michelin\",\"Josper\",\"Mugaritz\"],\"articleSection\":[\"Noticias\"],\"inLanguage\":\"es\"},{\"@type\":\"WebPage\",\"@id\":\"https:\\\/\\\/jospergrill.com\\\/es\\\/corto-mugaritz-en-berlinade\\\/\",\"url\":\"https:\\\/\\\/jospergrill.com\\\/es\\\/corto-mugaritz-en-berlinade\\\/\",\"name\":\"Un cortometraje con una gran estrella | Actualidad JOSPER\",\"isPartOf\":{\"@id\":\"https:\\\/\\\/jospergrill.com\\\/es\\\/#website\"},\"primaryImageOfPage\":{\"@id\":\"https:\\\/\\\/jospergrill.com\\\/es\\\/corto-mugaritz-en-berlinade\\\/#primaryimage\"},\"image\":{\"@id\":\"https:\\\/\\\/jospergrill.com\\\/es\\\/corto-mugaritz-en-berlinade\\\/#primaryimage\"},\"thumbnailUrl\":\"https:\\\/\\\/jospergrill.com\\\/wp-content\\\/uploads\\\/2013\\\/02\\\/naia-ugarte-protagonista-kitchen-dreams.jpg\",\"datePublished\":\"2013-02-15T10:44:33+00:00\",\"dateModified\":\"2019-07-17T09:54:02+00:00\",\"description\":\"Naia, la hija del director de cine Felipe Ugarte, protagoniza un cortometraje seleccionado en la 63\u00aa edici\u00f3n de la Berlinale en su secci\u00f3n Culinary Cinema.\",\"breadcrumb\":{\"@id\":\"https:\\\/\\\/jospergrill.com\\\/es\\\/corto-mugaritz-en-berlinade\\\/#breadcrumb\"},\"inLanguage\":\"es\",\"potentialAction\":[{\"@type\":\"ReadAction\",\"target\":[\"https:\\\/\\\/jospergrill.com\\\/es\\\/corto-mugaritz-en-berlinade\\\/\"]}]},{\"@type\":\"ImageObject\",\"inLanguage\":\"es\",\"@id\":\"https:\\\/\\\/jospergrill.com\\\/es\\\/corto-mugaritz-en-berlinade\\\/#primaryimage\",\"url\":\"https:\\\/\\\/jospergrill.com\\\/wp-content\\\/uploads\\\/2013\\\/02\\\/naia-ugarte-protagonista-kitchen-dreams.jpg\",\"contentUrl\":\"https:\\\/\\\/jospergrill.com\\\/wp-content\\\/uploads\\\/2013\\\/02\\\/naia-ugarte-protagonista-kitchen-dreams.jpg\",\"width\":668,\"height\":420,\"caption\":\"Naia Ugarte en Mugaritz con Josper\"},{\"@type\":\"BreadcrumbList\",\"@id\":\"https:\\\/\\\/jospergrill.com\\\/es\\\/corto-mugaritz-en-berlinade\\\/#breadcrumb\",\"itemListElement\":[{\"@type\":\"ListItem\",\"position\":1,\"name\":\"Home\",\"item\":\"https:\\\/\\\/jospergrill.com\\\/es\\\/\"},{\"@type\":\"ListItem\",\"position\":2,\"name\":\"Un cortometraje con una gran estrella\"}]},{\"@type\":\"WebSite\",\"@id\":\"https:\\\/\\\/jospergrill.com\\\/es\\\/#website\",\"url\":\"https:\\\/\\\/jospergrill.com\\\/es\\\/\",\"name\":\"Josper\",\"description\":\"Passion for Grilling\",\"publisher\":{\"@id\":\"https:\\\/\\\/jospergrill.com\\\/es\\\/#organization\"},\"potentialAction\":[{\"@type\":\"SearchAction\",\"target\":{\"@type\":\"EntryPoint\",\"urlTemplate\":\"https:\\\/\\\/jospergrill.com\\\/es\\\/?s={search_term_string}\"},\"query-input\":{\"@type\":\"PropertyValueSpecification\",\"valueRequired\":true,\"valueName\":\"search_term_string\"}}],\"inLanguage\":\"es\"},{\"@type\":\"Organization\",\"@id\":\"https:\\\/\\\/jospergrill.com\\\/es\\\/#organization\",\"name\":\"Josper\",\"url\":\"https:\\\/\\\/jospergrill.com\\\/es\\\/\",\"logo\":{\"@type\":\"ImageObject\",\"inLanguage\":\"es\",\"@id\":\"https:\\\/\\\/jospergrill.com\\\/es\\\/#\\\/schema\\\/logo\\\/image\\\/\",\"url\":\"https:\\\/\\\/jospergrill.com\\\/wp-content\\\/uploads\\\/josper-logo-escudo.png\",\"contentUrl\":\"https:\\\/\\\/jospergrill.com\\\/wp-content\\\/uploads\\\/josper-logo-escudo.png\",\"width\":112,\"height\":144,\"caption\":\"Josper\"},\"image\":{\"@id\":\"https:\\\/\\\/jospergrill.com\\\/es\\\/#\\\/schema\\\/logo\\\/image\\\/\"},\"sameAs\":[\"https:\\\/\\\/www.facebook.com\\\/josperofficial\\\/\",\"https:\\\/\\\/x.com\\\/JosperOfficial\"]},{\"@type\":\"Person\",\"@id\":\"https:\\\/\\\/jospergrill.com\\\/es\\\/#\\\/schema\\\/person\\\/8c37bd19b72e8aa58cf954112bb4ae82\",\"name\":\"Josper\",\"image\":{\"@type\":\"ImageObject\",\"inLanguage\":\"es\",\"@id\":\"https:\\\/\\\/secure.gravatar.com\\\/avatar\\\/c59cd8a9ace8352c793c6e995dd99d5b7b2f11b86ad561ea3a8a37e18dab6fc4?s=96&d=mm&r=g\",\"url\":\"https:\\\/\\\/secure.gravatar.com\\\/avatar\\\/c59cd8a9ace8352c793c6e995dd99d5b7b2f11b86ad561ea3a8a37e18dab6fc4?s=96&d=mm&r=g\",\"contentUrl\":\"https:\\\/\\\/secure.gravatar.com\\\/avatar\\\/c59cd8a9ace8352c793c6e995dd99d5b7b2f11b86ad561ea3a8a37e18dab6fc4?s=96&d=mm&r=g\",\"caption\":\"Josper\"},\"sameAs\":[\"https:\\\/\\\/jospergrill.com\\\/\"],\"url\":\"https:\\\/\\\/jospergrill.com\\\/es\\\/author\\\/autor\\\/\"}]}<\/script>\n<!-- \/ Yoast SEO plugin. -->","yoast_head_json":{"title":"Un cortometraje con una gran estrella | Actualidad JOSPER","description":"Naia, la hija del director de cine Felipe Ugarte, protagoniza un cortometraje seleccionado en la 63\u00aa edici\u00f3n de la Berlinale en su secci\u00f3n Culinary Cinema.","robots":{"index":"index","follow":"follow","max-snippet":"max-snippet:-1","max-image-preview":"max-image-preview:large","max-video-preview":"max-video-preview:-1"},"canonical":"https:\/\/jospergrill.com\/es\/corto-mugaritz-en-berlinade\/","og_locale":"es_ES","og_type":"article","og_title":"Un cortometraje con una gran estrella | Actualidad JOSPER","og_description":"Naia, la hija del director de cine Felipe Ugarte, protagoniza un cortometraje seleccionado en la 63\u00aa edici\u00f3n de la Berlinale en su secci\u00f3n Culinary Cinema.","og_url":"https:\/\/jospergrill.com\/es\/corto-mugaritz-en-berlinade\/","og_site_name":"Josper","article_publisher":"https:\/\/www.facebook.com\/josperofficial\/","article_published_time":"2013-02-15T10:44:33+00:00","article_modified_time":"2019-07-17T09:54:02+00:00","og_image":[{"width":668,"height":420,"url":"https:\/\/jospergrill.com\/wp-content\/uploads\/2013\/02\/naia-ugarte-protagonista-kitchen-dreams.jpg","type":"image\/jpeg"}],"author":"Josper","twitter_card":"summary_large_image","twitter_creator":"@JosperOfficial","twitter_site":"@JosperOfficial","twitter_misc":{"Escrito por":"Josper","Tiempo de lectura":"1 minuto"},"schema":{"@context":"https:\/\/schema.org","@graph":[{"@type":"Article","@id":"https:\/\/jospergrill.com\/es\/corto-mugaritz-en-berlinade\/#article","isPartOf":{"@id":"https:\/\/jospergrill.com\/es\/corto-mugaritz-en-berlinade\/"},"author":{"name":"Josper","@id":"https:\/\/jospergrill.com\/es\/#\/schema\/person\/8c37bd19b72e8aa58cf954112bb4ae82"},"headline":"Un cortometraje con una gran estrella","datePublished":"2013-02-15T10:44:33+00:00","dateModified":"2019-07-17T09:54:02+00:00","mainEntityOfPage":{"@id":"https:\/\/jospergrill.com\/es\/corto-mugaritz-en-berlinade\/"},"wordCount":182,"publisher":{"@id":"https:\/\/jospergrill.com\/es\/#organization"},"image":{"@id":"https:\/\/jospergrill.com\/es\/corto-mugaritz-en-berlinade\/#primaryimage"},"thumbnailUrl":"https:\/\/jospergrill.com\/wp-content\/uploads\/2013\/02\/naia-ugarte-protagonista-kitchen-dreams.jpg","keywords":["Estrellas Michelin","Josper","Mugaritz"],"articleSection":["Noticias"],"inLanguage":"es"},{"@type":"WebPage","@id":"https:\/\/jospergrill.com\/es\/corto-mugaritz-en-berlinade\/","url":"https:\/\/jospergrill.com\/es\/corto-mugaritz-en-berlinade\/","name":"Un cortometraje con una gran estrella | Actualidad JOSPER","isPartOf":{"@id":"https:\/\/jospergrill.com\/es\/#website"},"primaryImageOfPage":{"@id":"https:\/\/jospergrill.com\/es\/corto-mugaritz-en-berlinade\/#primaryimage"},"image":{"@id":"https:\/\/jospergrill.com\/es\/corto-mugaritz-en-berlinade\/#primaryimage"},"thumbnailUrl":"https:\/\/jospergrill.com\/wp-content\/uploads\/2013\/02\/naia-ugarte-protagonista-kitchen-dreams.jpg","datePublished":"2013-02-15T10:44:33+00:00","dateModified":"2019-07-17T09:54:02+00:00","description":"Naia, la hija del director de cine Felipe Ugarte, protagoniza un cortometraje seleccionado en la 63\u00aa edici\u00f3n de la Berlinale en su secci\u00f3n Culinary Cinema.","breadcrumb":{"@id":"https:\/\/jospergrill.com\/es\/corto-mugaritz-en-berlinade\/#breadcrumb"},"inLanguage":"es","potentialAction":[{"@type":"ReadAction","target":["https:\/\/jospergrill.com\/es\/corto-mugaritz-en-berlinade\/"]}]},{"@type":"ImageObject","inLanguage":"es","@id":"https:\/\/jospergrill.com\/es\/corto-mugaritz-en-berlinade\/#primaryimage","url":"https:\/\/jospergrill.com\/wp-content\/uploads\/2013\/02\/naia-ugarte-protagonista-kitchen-dreams.jpg","contentUrl":"https:\/\/jospergrill.com\/wp-content\/uploads\/2013\/02\/naia-ugarte-protagonista-kitchen-dreams.jpg","width":668,"height":420,"caption":"Naia Ugarte en Mugaritz con Josper"},{"@type":"BreadcrumbList","@id":"https:\/\/jospergrill.com\/es\/corto-mugaritz-en-berlinade\/#breadcrumb","itemListElement":[{"@type":"ListItem","position":1,"name":"Home","item":"https:\/\/jospergrill.com\/es\/"},{"@type":"ListItem","position":2,"name":"Un cortometraje con una gran estrella"}]},{"@type":"WebSite","@id":"https:\/\/jospergrill.com\/es\/#website","url":"https:\/\/jospergrill.com\/es\/","name":"Josper","description":"Passion for Grilling","publisher":{"@id":"https:\/\/jospergrill.com\/es\/#organization"},"potentialAction":[{"@type":"SearchAction","target":{"@type":"EntryPoint","urlTemplate":"https:\/\/jospergrill.com\/es\/?s={search_term_string}"},"query-input":{"@type":"PropertyValueSpecification","valueRequired":true,"valueName":"search_term_string"}}],"inLanguage":"es"},{"@type":"Organization","@id":"https:\/\/jospergrill.com\/es\/#organization","name":"Josper","url":"https:\/\/jospergrill.com\/es\/","logo":{"@type":"ImageObject","inLanguage":"es","@id":"https:\/\/jospergrill.com\/es\/#\/schema\/logo\/image\/","url":"https:\/\/jospergrill.com\/wp-content\/uploads\/josper-logo-escudo.png","contentUrl":"https:\/\/jospergrill.com\/wp-content\/uploads\/josper-logo-escudo.png","width":112,"height":144,"caption":"Josper"},"image":{"@id":"https:\/\/jospergrill.com\/es\/#\/schema\/logo\/image\/"},"sameAs":["https:\/\/www.facebook.com\/josperofficial\/","https:\/\/x.com\/JosperOfficial"]},{"@type":"Person","@id":"https:\/\/jospergrill.com\/es\/#\/schema\/person\/8c37bd19b72e8aa58cf954112bb4ae82","name":"Josper","image":{"@type":"ImageObject","inLanguage":"es","@id":"https:\/\/secure.gravatar.com\/avatar\/c59cd8a9ace8352c793c6e995dd99d5b7b2f11b86ad561ea3a8a37e18dab6fc4?s=96&d=mm&r=g","url":"https:\/\/secure.gravatar.com\/avatar\/c59cd8a9ace8352c793c6e995dd99d5b7b2f11b86ad561ea3a8a37e18dab6fc4?s=96&d=mm&r=g","contentUrl":"https:\/\/secure.gravatar.com\/avatar\/c59cd8a9ace8352c793c6e995dd99d5b7b2f11b86ad561ea3a8a37e18dab6fc4?s=96&d=mm&r=g","caption":"Josper"},"sameAs":["https:\/\/jospergrill.com\/"],"url":"https:\/\/jospergrill.com\/es\/author\/autor\/"}]}},"_links":{"self":[{"href":"https:\/\/jospergrill.com\/es\/wp-json\/wp\/v2\/posts\/1240","targetHints":{"allow":["GET"]}}],"collection":[{"href":"https:\/\/jospergrill.com\/es\/wp-json\/wp\/v2\/posts"}],"about":[{"href":"https:\/\/jospergrill.com\/es\/wp-json\/wp\/v2\/types\/post"}],"author":[{"embeddable":true,"href":"https:\/\/jospergrill.com\/es\/wp-json\/wp\/v2\/users\/4"}],"replies":[{"embeddable":true,"href":"https:\/\/jospergrill.com\/es\/wp-json\/wp\/v2\/comments?post=1240"}],"version-history":[{"count":0,"href":"https:\/\/jospergrill.com\/es\/wp-json\/wp\/v2\/posts\/1240\/revisions"}],"wp:featuredmedia":[{"embeddable":true,"href":"https:\/\/jospergrill.com\/es\/wp-json\/wp\/v2\/media\/4564"}],"wp:attachment":[{"href":"https:\/\/jospergrill.com\/es\/wp-json\/wp\/v2\/media?parent=1240"}],"wp:term":[{"taxonomy":"category","embeddable":true,"href":"https:\/\/jospergrill.com\/es\/wp-json\/wp\/v2\/categories?post=1240"},{"taxonomy":"post_tag","embeddable":true,"href":"https:\/\/jospergrill.com\/es\/wp-json\/wp\/v2\/tags?post=1240"}],"curies":[{"name":"wp","href":"https:\/\/api.w.org\/{rel}","templated":true}]}}